{"id":523,"date":"2020-10-18T18:23:11","date_gmt":"2020-10-18T18:23:11","guid":{"rendered":"https:\/\/www.lobster-sailing.ch\/?p=523"},"modified":"2020-12-16T17:51:19","modified_gmt":"2020-12-16T17:51:19","slug":"corona-baubeginn","status":"publish","type":"post","link":"https:\/\/www.lobster-sailing.ch\/index.php\/2020\/10\/18\/corona-baubeginn\/","title":{"rendered":"Verschobener Baubeginn"},"content":{"rendered":"\t\t<div data-elementor-type=\"wp-post\" data-elementor-id=\"523\" class=\"elementor elementor-523\">\n\t\t\t\t\t\t<div class=\"elementor-inner\">\n\t\t\t\t<div class=\"elementor-section-wrap\">\n\t\t\t\t\t\t\t\t\t<section class=\"elementor-section elementor-top-section elementor-element elementor-element-f1893c6 elementor-section-boxed elementor-section-height-default elementor-section-height-default\" data-id=\"f1893c6\" data-element_type=\"section\">\n\t\t\t\t\t\t<div class=\"elementor-container elementor-column-gap-default\">\n\t\t\t\t\t\t\t<div class=\"elementor-row\">\n\t\t\t\t\t<div class=\"elementor-column elementor-col-100 elementor-top-column elementor-element elementor-element-1437e98\" data-id=\"1437e98\" data-element_type=\"column\">\n\t\t\t<div class=\"elementor-column-wrap elementor-element-populated\">\n\t\t\t\t\t\t\t<div class=\"elementor-widget-wrap\">\n\t\t\t\t\t\t<div class=\"elementor-element elementor-element-fd9a643 elementor-widget elementor-widget-text-editor\" data-id=\"fd9a643\" data-element_type=\"widget\" data-widget_type=\"text-editor.default\">\n\t\t\t\t<div class=\"elementor-widget-container\">\n\t\t\t\t\t\t\t\t<div class=\"elementor-text-editor elementor-clearfix\">\n\t\t\t\t<p class=\"MsoNormal\"><b>Corona<\/b><\/p>\n<p class=\"MsoNormal\"><span style=\"color: black;\">&nbsp;<\/span><\/p>\n<p class=\"MsoNormal\"><span style=\"color: black;\">Der geplante Start f\u00fcr den Bau meines<a href=\"https:\/\/www.lobster-sailing.ch\/index.php\/2020\/12\/02\/sieht-aus-wie-ein-boot\/\"> Globe 5.80<\/a> w\u00e4re am Samstag 17.10.20 gewesen. Leider machte mir das Schweizer Milit\u00e4r einen Strich durch die Rechnung. Sie beschlossen, dass wir die letzten zwei Wochen der Grundausbildung nicht mehr nach Hause d\u00fcrfen aufgrund der steigenden Corona-Fallzahlen. Somit wird der Baubeginn voraussichtlich einige Wochen nach hinten geschoben. <\/span><\/p>\n<p class=\"MsoNormal\"><span style=\"color: black;\">F\u00fcr die Werkstatt habe ich bereits jede Menge Material besorgt, um mich optimal einzurichten. Ein grosser Teil wurde mir von einem guten Freund zur Verf\u00fcgung gestellt. Durch ihn bin ich mit Maschinen und Werkzeug ausger\u00fcstet und bereit loszulegen. Um auch im <\/span>Winter einen angenehmen Arbeitsplatz zu haben, kaufte ich mir zwei Zelte. In einem wird das Schiff gebaut, im anderen werde ich alle Maschinen und das gesamte Material unterbringen. F\u00fcr die k\u00e4lteren Jahreszeiten habe ich zudem zwei W\u00e4rmel\u00fcfter besorgt.<\/p>\n<p class=\"MsoNormal\">Da ich momentan in Brugg bin und meine n\u00e4chsten zwei Wochen auch hier in der Kaserne verbringen werde wegen corona, kann ich leider, wie bereits erw\u00e4hnt, nicht anfangen zu bauen. Daf\u00fcr freue ich mich umso mehr, dass ich eventuell schon am 25.10.20 nach Hause darf und endlich mit dem Bau beginnen kann. Dann sollte auch das CNC Kit aus Deutschland angekommen sein. F\u00fcr den Bau des Schiffes braucht es zudem Epoxidharz und Glasfasermatten. Das Material wird mir von der <a href=\"https:\/\/www.linssen-yachts.ch\/68\/home\" target=\"_blank\" rel=\"noopener\">Werft 52<\/a>&nbsp; in Romanshorn gesponsort, wor\u00fcber ich mich sehr freue. Somit kann ich mit bester Beratung und Unterst\u00fctzung in das Projekt starten.&nbsp;<\/p>\t\t\t\t\t<\/div>\n\t\t\t\t\t\t<\/div>\n\t\t\t\t<\/div>\n\t\t\t\t\t\t<\/div>\n\t\t\t\t\t<\/div>\n\t\t<\/div>\n\t\t\t\t\t\t\t\t<\/div>\n\t\t\t\t\t<\/div>\n\t\t<\/section>\n\t\t\t\t<section class=\"elementor-section elementor-top-section elementor-element elementor-element-13468e6 elementor-section-boxed elementor-section-height-default elementor-section-height-default\" data-id=\"13468e6\" data-element_type=\"section\">\n\t\t\t\t\t\t<div class=\"elementor-container elementor-column-gap-default\">\n\t\t\t\t\t\t\t<div class=\"elementor-row\">\n\t\t\t\t\t<div class=\"elementor-column elementor-col-100 elementor-top-column elementor-element elementor-element-3cd7fa2\" data-id=\"3cd7fa2\" data-element_type=\"column\">\n\t\t\t<div class=\"elementor-column-wrap elementor-element-populated\">\n\t\t\t\t\t\t\t<div class=\"elementor-widget-wrap\">\n\t\t\t\t\t\t<div class=\"elementor-element elementor-element-0005025 elementor-widget elementor-widget-image\" data-id=\"0005025\" data-element_type=\"widget\" data-widget_type=\"image.default\">\n\t\t\t\t<div class=\"elementor-widget-container\">\n\t\t\t\t\t\t\t\t<div class=\"elementor-image\">\n\t\t\t\t\t\t\t\t\t\t\t\t<img width=\"1024\" height=\"860\" src=\"https:\/\/www.lobster-sailing.ch\/wp\/wp-content\/uploads\/2020\/10\/Ocean850-v4-1024x860.jpg\" class=\"attachment-large size-large\" alt=\"Corona boot bau\" loading=\"lazy\" srcset=\"https:\/\/www.lobster-sailing.ch\/wp\/wp-content\/uploads\/2020\/10\/Ocean850-v4-1024x860.jpg 1024w, https:\/\/www.lobster-sailing.ch\/wp\/wp-content\/uploads\/2020\/10\/Ocean850-v4-300x252.jpg 300w, https:\/\/www.lobster-sailing.ch\/wp\/wp-content\/uploads\/2020\/10\/Ocean850-v4-768x645.jpg 768w, https:\/\/www.lobster-sailing.ch\/wp\/wp-content\/uploads\/2020\/10\/Ocean850-v4-1536x1290.jpg 1536w, https:\/\/www.lobster-sailing.ch\/wp\/wp-content\/uploads\/2020\/10\/Ocean850-v4-2048x1721.jpg 2048w\" sizes=\"(max-width: 1024px) 100vw, 1024px\" \/>\t\t\t\t\t\t\t\t\t\t\t\t\t\t<\/div>\n\t\t\t\t\t\t<\/div>\n\t\t\t\t<\/div>\n\t\t\t\t\t\t<\/div>\n\t\t\t\t\t<\/div>\n\t\t<\/div>\n\t\t\t\t\t\t\t\t<\/div>\n\t\t\t\t\t<\/div>\n\t\t<\/section>\n\t\t\t\t\t\t\t\t\t<\/div>\n\t\t\t<\/div>\n\t\t\t\t\t<\/div>\n\t\t","protected":false},"excerpt":{"rendered":"<p>Corona &nbsp; Der geplante Start f\u00fcr den Bau meines Globe 5.80 w\u00e4re am Samstag 17.10.20 gewesen. Leider machte mir das Schweizer Milit\u00e4r einen Strich durch die Rechnung. Sie beschlossen, dass wir die letzten zwei Wochen der Grundausbildung nicht mehr nach Hause d\u00fcrfen aufgrund der steigenden Corona-Fallzahlen. Somit wird der Baubeginn voraussichtlich einige Wochen nach hinten geschoben. F\u00fcr die Werkstatt habe ich bereits jede Menge Material besorgt, um mich optimal einzurichten. Ein grosser Teil wurde mir von einem guten Freund zur Verf\u00fcgung gestellt. Durch ihn bin ich mit Maschinen und Werkzeug ausger\u00fcstet und bereit loszulegen. Um auch im Winter einen angenehmen\u2026<\/p>\n","protected":false},"author":3,"featured_media":530,"comment_status":"open","ping_status":"open","sticky":false,"template":"","format":"standard","meta":[],"categories":[1],"tags":[],"blocksy_meta":{"styles_descriptor":{"styles":{"desktop":"","tablet":"","mobile":""},"google_fonts":[],"version":5}},"jetpack_featured_media_url":"https:\/\/www.lobster-sailing.ch\/wp\/wp-content\/uploads\/2020\/10\/Logo_Claim_Quer-scaled.jpg","_links":{"self":[{"href":"https:\/\/www.lobster-sailing.ch\/index.php\/wp-json\/wp\/v2\/posts\/523"}],"collection":[{"href":"https:\/\/www.lobster-sailing.ch\/index.php\/wp-json\/wp\/v2\/posts"}],"about":[{"href":"https:\/\/www.lobster-sailing.ch\/index.php\/wp-json\/wp\/v2\/types\/post"}],"author":[{"embeddable":true,"href":"https:\/\/www.lobster-sailing.ch\/index.php\/wp-json\/wp\/v2\/users\/3"}],"replies":[{"embeddable":true,"href":"https:\/\/www.lobster-sailing.ch\/index.php\/wp-json\/wp\/v2\/comments?post=523"}],"version-history":[{"count":7,"href":"https:\/\/www.lobster-sailing.ch\/index.php\/wp-json\/wp\/v2\/posts\/523\/revisions"}],"predecessor-version":[{"id":1079,"href":"https:\/\/www.lobster-sailing.ch\/index.php\/wp-json\/wp\/v2\/posts\/523\/revisions\/1079"}],"wp:featuredmedia":[{"embeddable":true,"href":"https:\/\/www.lobster-sailing.ch\/index.php\/wp-json\/wp\/v2\/media\/530"}],"wp:attachment":[{"href":"https:\/\/www.lobster-sailing.ch\/index.php\/wp-json\/wp\/v2\/media?parent=523"}],"wp:term":[{"taxonomy":"category","embeddable":true,"href":"https:\/\/www.lobster-sailing.ch\/index.php\/wp-json\/wp\/v2\/categories?post=523"},{"taxonomy":"post_tag","embeddable":true,"href":"https:\/\/www.lobster-sailing.ch\/index.php\/wp-json\/wp\/v2\/tags?post=523"}],"curies":[{"name":"wp","href":"https:\/\/api.w.org\/{rel}","templated":true}]}}